{"id":2909,"date":"2021-01-06T22:29:04","date_gmt":"2021-01-06T22:29:04","guid":{"rendered":"https:\/\/sanpedro.avanta.mx\/?p=2909"},"modified":"2021-01-08T00:48:49","modified_gmt":"2021-01-08T00:48:49","slug":"rosca-de-reyes-2021","status":"publish","type":"post","link":"https:\/\/sanpedro.avanta.mx\/index.php\/2021\/01\/06\/rosca-de-reyes-2021\/","title":{"rendered":"ROSCA DE REYES 2021"},"content":{"rendered":"<p>A partir de las 5:30 recibimos la visita de muchos visitantes para cortar y compartir la Rosca de Reyes en el patio central. \u00a1Tuvimos sorpresas y regalos de nuestros locatarios! Y la gente se tom\u00f3 fotograf\u00edas con los Reyes Magos. Starbucks comparti\u00f3 delicioso caf\u00e9 de cortes\u00eda.<\/p>\n","protected":false},"excerpt":{"rendered":"<p>A partir de las 5:30 recibimos la visita de muchos visitantes para cortar y compartir la Rosca de Reyes en el patio central. \u00a1Tuvimos sorpresas&hellip;<\/p>\n<p><a href=\"https:\/\/sanpedro.avanta.mx\/index.php\/2021\/01\/06\/rosca-de-reyes-2021\/\" class=\"more-link post-excerpt-readmore\"><span class=\"more-link-inner\">Read more<\/span><span class=\"more-link-brd\"><\/span><\/a><\/p>\n","protected":false},"author":2,"featured_media":2686,"comment_status":"open","ping_status":"open","sticky":false,"template":"","format":"gallery","meta":{"ngg_post_thumbnail":0,"_EventAllDay":false,"_EventTimezone":"","_EventStartDate":"","_EventEndDate":"","_EventStartDateUTC":"","_EventEndDateUTC":"","_EventShowMap":false,"_EventShowMapLink":false,"_EventURL":"","_EventCost":"","_EventCostDescription":"","_EventCurrencySymbol":"","_EventCurrencyCode":"","_EventCurrencyPosition":"","_EventDateTimeSeparator":"","_EventTimeRangeSeparator":"","_EventOrganizerID":[],"_EventVenueID":[],"_OrganizerEmail":"","_OrganizerPhone":"","_OrganizerWebsite":"","_VenueAddress":"","_VenueCity":"","_VenueCountry":"","_VenueProvince":"","_VenueState":"","_VenueZip":"","_VenuePhone":"","_VenueURL":"","_VenueStateProvince":"","_VenueLat":"","_VenueLng":"","_VenueShowMap":false,"_VenueShowMapLink":false,"footnotes":""},"categories":[29],"tags":[],"class_list":["post-2909","post","type-post","status-publish","format-gallery","has-post-thumbnail","hentry","category-eventos","post_format-post-format-gallery"],"_links":{"self":[{"href":"https:\/\/sanpedro.avanta.mx\/index.php\/wp-json\/wp\/v2\/posts\/2909","targetHints":{"allow":["GET"]}}],"collection":[{"href":"https:\/\/sanpedro.avanta.mx\/index.php\/wp-json\/wp\/v2\/posts"}],"about":[{"href":"https:\/\/sanpedro.avanta.mx\/index.php\/wp-json\/wp\/v2\/types\/post"}],"author":[{"embeddable":true,"href":"https:\/\/sanpedro.avanta.mx\/index.php\/wp-json\/wp\/v2\/users\/2"}],"replies":[{"embeddable":true,"href":"https:\/\/sanpedro.avanta.mx\/index.php\/wp-json\/wp\/v2\/comments?post=2909"}],"version-history":[{"count":3,"href":"https:\/\/sanpedro.avanta.mx\/index.php\/wp-json\/wp\/v2\/posts\/2909\/revisions"}],"predecessor-version":[{"id":2998,"href":"https:\/\/sanpedro.avanta.mx\/index.php\/wp-json\/wp\/v2\/posts\/2909\/revisions\/2998"}],"wp:featuredmedia":[{"embeddable":true,"href":"https:\/\/sanpedro.avanta.mx\/index.php\/wp-json\/wp\/v2\/media\/2686"}],"wp:attachment":[{"href":"https:\/\/sanpedro.avanta.mx\/index.php\/wp-json\/wp\/v2\/media?parent=2909"}],"wp:term":[{"taxonomy":"category","embeddable":true,"href":"https:\/\/sanpedro.avanta.mx\/index.php\/wp-json\/wp\/v2\/categories?post=2909"},{"taxonomy":"post_tag","embeddable":true,"href":"https:\/\/sanpedro.avanta.mx\/index.php\/wp-json\/wp\/v2\/tags?post=2909"}],"curies":[{"name":"wp","href":"https:\/\/api.w.org\/{rel}","templated":true}]}}