{"id":3097,"date":"2021-03-18T03:02:28","date_gmt":"2021-03-18T03:02:28","guid":{"rendered":"https:\/\/sanpedro.avanta.mx\/?p=3097"},"modified":"2021-03-18T03:02:28","modified_gmt":"2021-03-18T03:02:28","slug":"rosca-de-reyes-2021-2","status":"publish","type":"post","link":"https:\/\/sanpedro.avanta.mx\/index.php\/2021\/03\/18\/rosca-de-reyes-2021-2\/","title":{"rendered":"SAN VALENT\u00cdN 2021"},"content":{"rendered":"<p><b>Para celebrar el 14 de febrero, d\u00eda del amor y la amistad, se llev\u00f3 a cabo una din\u00e1mica en redes sociales en la que los participantes, enviaron sus fotograf\u00edas en pareja.<\/b><\/p>\n<p><b>Las fotograf\u00edas se compartieron en stories de Instagram con un concurso en el que se votaba por la m\u00e1s creativa. Se llevaron a cabo las rondas hasta dejar dos parejas ganadoras.<\/b><\/p>\n<p>El premio const\u00f3 de una \u201cCita perfecta en Avanta\u201d. Las parejas ganadoras disfrutaron un desayuno en Starbucks, un momento de acci\u00f3n con Zero Latency, se relajaron y consintieron en Divenza, comida en Kurai Monterrey, regalos en Gant y de postre, gores y caf\u00e9 en Flavorcup. Adem\u00e1s para llevar, Munchin Donuts.<\/p>\n<p>\u00a1Tambi\u00e9n realizamos\u00a0 una activaci\u00f3n en la plaza! Contamos con la visita de los personajes de Disney: Mickey y Mimi, en la que recorrieron los locales y \u00e1reas comunes durante los d\u00edas 12 y 13 de febrero, entregando globos en forma de coraz\u00f3n y cake pops decoradas en color rosa, saludando y animando a los visitantes de la plaza.<\/p>\n","protected":false},"excerpt":{"rendered":"<p>Para celebrar el 14 de febrero, d\u00eda del amor y la amistad, se llev\u00f3 a cabo una din\u00e1mica en redes sociales en la que los&hellip;<\/p>\n<p><a href=\"https:\/\/sanpedro.avanta.mx\/index.php\/2021\/03\/18\/rosca-de-reyes-2021-2\/\" class=\"more-link post-excerpt-readmore\"><span class=\"more-link-inner\">Read more<\/span><span class=\"more-link-brd\"><\/span><\/a><\/p>\n","protected":false},"author":2,"featured_media":2686,"comment_status":"open","ping_status":"open","sticky":false,"template":"","format":"gallery","meta":{"ngg_post_thumbnail":0,"_EventAllDay":false,"_EventTimezone":"","_EventStartDate":"","_EventEndDate":"","_EventStartDateUTC":"","_EventEndDateUTC":"","_EventShowMap":false,"_EventShowMapLink":false,"_EventURL":"","_EventCost":"","_EventCostDescription":"","_EventCurrencySymbol":"","_EventCurrencyCode":"","_EventCurrencyPosition":"","_EventDateTimeSeparator":"","_EventTimeRangeSeparator":"","_EventOrganizerID":[],"_EventVenueID":[],"_OrganizerEmail":"","_OrganizerPhone":"","_OrganizerWebsite":"","_VenueAddress":"","_VenueCity":"","_VenueCountry":"","_VenueProvince":"","_VenueState":"","_VenueZip":"","_VenuePhone":"","_VenueURL":"","_VenueStateProvince":"","_VenueLat":"","_VenueLng":"","_VenueShowMap":false,"_VenueShowMapLink":false,"footnotes":""},"categories":[29],"tags":[],"class_list":["post-3097","post","type-post","status-publish","format-gallery","has-post-thumbnail","hentry","category-eventos","post_format-post-format-gallery"],"_links":{"self":[{"href":"https:\/\/sanpedro.avanta.mx\/index.php\/wp-json\/wp\/v2\/posts\/3097","targetHints":{"allow":["GET"]}}],"collection":[{"href":"https:\/\/sanpedro.avanta.mx\/index.php\/wp-json\/wp\/v2\/posts"}],"about":[{"href":"https:\/\/sanpedro.avanta.mx\/index.php\/wp-json\/wp\/v2\/types\/post"}],"author":[{"embeddable":true,"href":"https:\/\/sanpedro.avanta.mx\/index.php\/wp-json\/wp\/v2\/users\/2"}],"replies":[{"embeddable":true,"href":"https:\/\/sanpedro.avanta.mx\/index.php\/wp-json\/wp\/v2\/comments?post=3097"}],"version-history":[{"count":1,"href":"https:\/\/sanpedro.avanta.mx\/index.php\/wp-json\/wp\/v2\/posts\/3097\/revisions"}],"predecessor-version":[{"id":3105,"href":"https:\/\/sanpedro.avanta.mx\/index.php\/wp-json\/wp\/v2\/posts\/3097\/revisions\/3105"}],"wp:featuredmedia":[{"embeddable":true,"href":"https:\/\/sanpedro.avanta.mx\/index.php\/wp-json\/wp\/v2\/media\/2686"}],"wp:attachment":[{"href":"https:\/\/sanpedro.avanta.mx\/index.php\/wp-json\/wp\/v2\/media?parent=3097"}],"wp:term":[{"taxonomy":"category","embeddable":true,"href":"https:\/\/sanpedro.avanta.mx\/index.php\/wp-json\/wp\/v2\/categories?post=3097"},{"taxonomy":"post_tag","embeddable":true,"href":"https:\/\/sanpedro.avanta.mx\/index.php\/wp-json\/wp\/v2\/tags?post=3097"}],"curies":[{"name":"wp","href":"https:\/\/api.w.org\/{rel}","templated":true}]}}